{"id":9059,"date":"2018-11-04T17:07:13","date_gmt":"2018-11-04T16:07:13","guid":{"rendered":"https:\/\/my-blog.mysticlands.eu\/?p=9059"},"modified":"2018-11-12T16:01:24","modified_gmt":"2018-11-12T15:01:24","slug":"__trashed-29","status":"publish","type":"post","link":"https:\/\/my-blog.mysticlands.eu\/?p=9059","title":{"rendered":"herbstspaziergang tag  25 in fuenteroble"},"content":{"rendered":"<p style=\"padding-left: 30px\">04-11-2018 \u00a00 km \/\/ 464 km gesamt<br \/>\nwetter:<br \/>\nfr\u00fch 5\u00b0 bew\u00f6lkt<br \/>\nmittags<br \/>\nschlafen: albergue santa maria<\/p>\n<p>war richtig faul am sonntag, nur w\u00e4sche gewaschen und der beim trocken werden zugeschaut.<br \/>\ndraussen ists nicht gerade gem\u00fctlich, der himmel hat sich zugezogen und es wird k\u00e4lter, es weht ziemlich arg. also bin ich wieder ins bettchen gekrochen und hab ged\u00f6st.<\/p>\n<p>sp\u00e4ter geh ich r\u00fcber in die bar zum abendessen, mehr gibts nicht zu berichten.<\/p>\n<p>sagt ralph<\/p>\n<p>morgen gehts weiter nach san pedro de rozados, 28km<\/p>\n","protected":false},"excerpt":{"rendered":"<p>04-11-2018 \u00a00 km \/\/ 464 km gesamt wetter: fr\u00fch 5\u00b0 bew\u00f6lkt mittags schlafen: albergue santa maria war richtig faul am sonntag, nur w\u00e4sche gewaschen und der beim trocken werden zugeschaut. draussen ists nicht gerade gem\u00fctlich, der himmel hat sich zugezogen und es wird k\u00e4lter, es weht ziemlich arg. also bin ich wieder ins bettchen gekrochen und hab ged\u00f6st. sp\u00e4ter geh ich r\u00fcber in die bar zum abendessen, mehr gibts nicht zu berichten. sagt ralph morgen gehts weiter nach san pedro de rozados, 28km<\/p>\n","protected":false},"author":10,"featured_media":9063,"comment_status":"open","ping_status":"open","sticky":false,"template":"","format":"standard","meta":{"jetpack_post_was_ever_published":false,"_jetpack_newsletter_access":"","_jetpack_dont_email_post_to_subs":false,"_jetpack_newsletter_tier_id":0,"_jetpack_memberships_contains_paywalled_content":false,"_jetpack_memberships_contains_paid_content":false,"footnotes":""},"categories":[27,34,6,35],"tags":[],"class_list":["post-9059","post","type-post","status-publish","format-standard","has-post-thumbnail","hentry","category-27","category-herbstspaziergang-die-plata","category-jakobsweg","category-via-de-la-plata"],"jetpack_featured_media_url":"https:\/\/my-blog.mysticlands.eu\/wp-content\/uploads\/2018\/11\/img_4892.jpg","jetpack_sharing_enabled":true,"jetpack-related-posts":[],"_links":{"self":[{"href":"https:\/\/my-blog.mysticlands.eu\/index.php?rest_route=\/wp\/v2\/posts\/9059"}],"collection":[{"href":"https:\/\/my-blog.mysticlands.eu\/index.php?rest_route=\/wp\/v2\/posts"}],"about":[{"href":"https:\/\/my-blog.mysticlands.eu\/index.php?rest_route=\/wp\/v2\/types\/post"}],"author":[{"embeddable":true,"href":"https:\/\/my-blog.mysticlands.eu\/index.php?rest_route=\/wp\/v2\/users\/10"}],"replies":[{"embeddable":true,"href":"https:\/\/my-blog.mysticlands.eu\/index.php?rest_route=%2Fwp%2Fv2%2Fcomments&post=9059"}],"version-history":[{"count":0,"href":"https:\/\/my-blog.mysticlands.eu\/index.php?rest_route=\/wp\/v2\/posts\/9059\/revisions"}],"wp:featuredmedia":[{"embeddable":true,"href":"https:\/\/my-blog.mysticlands.eu\/index.php?rest_route=\/wp\/v2\/media\/9063"}],"wp:attachment":[{"href":"https:\/\/my-blog.mysticlands.eu\/index.php?rest_route=%2Fwp%2Fv2%2Fmedia&parent=9059"}],"wp:term":[{"taxonomy":"category","embeddable":true,"href":"https:\/\/my-blog.mysticlands.eu\/index.php?rest_route=%2Fwp%2Fv2%2Fcategories&post=9059"},{"taxonomy":"post_tag","embeddable":true,"href":"https:\/\/my-blog.mysticlands.eu\/index.php?rest_route=%2Fwp%2Fv2%2Ftags&post=9059"}],"curies":[{"name":"wp","href":"https:\/\/api.w.org\/{rel}","templated":true}]}}